{"id":180,"date":"2021-10-25T18:07:54","date_gmt":"2021-10-25T18:07:54","guid":{"rendered":"https:\/\/explora.crea.gov.co\/festival-de-cortos\/?p=180"},"modified":"2021-10-25T18:07:54","modified_gmt":"2021-10-25T18:07:54","slug":"super-sebas","status":"publish","type":"post","link":"https:\/\/explora.crea.gov.co\/festival-de-cortos-2021\/super-sebas\/","title":{"rendered":"Super Sebas"},"content":{"rendered":"\n<p>El h\u00e9roe de esta historia es Sebasti\u00e1n Fuentes, un joven capitalino, habitante del barrio la Herradura, ubicado en la localidad cuarta, en el sur oriente de Bogot\u00e1, egresado del Colegio los Alpes IED en el a\u00f1o 2017, en el cual se caracteriz\u00f3 por su inteligencia, carisma, sentido cr\u00edtico y liderazgo, que lo llevaron, tras algunas derrotas electorales, (y pese a las cuales nunca perdi\u00f3 el inter\u00e9s) a ser el representante de los estudiantes cuando cursaba grado once, posici\u00f3n que asumi\u00f3 con seriedad, compromiso y honestidad, participando activamente en el consejo directivo, y marcando su vocaci\u00f3n social como vocero de los estudiantes en la reclamaci\u00f3n de justicia y derechos ante oscuras actuaciones de parte de la rector\u00eda del colegio. Sebasti\u00e1n es un chico que tiene unas metas claras en la vida: Su sue\u00f1o es convertirse en ingeniero mec\u00e1nico, lo cual podr\u00e1 comenzar a trazar a partir de este 1 de agosto cuando (debido a su capacidad intelectual), ingrese a cursar la carrera de ingenier\u00eda en la universidad Los Libertadores, que deber\u00e1 combinar con su trabajo en el sistema Transmilenio, donde se desempe\u00f1a como auxiliar de mantenimiento en los talleres de Gaviotas y Juan Rey. Por otra parte, a su corta edad, y gracias a esa gran pasi\u00f3n por los motores, ha logrado trabajar en la puesta a punto de un coche de carreras, con el cual esperan junto con su socio, se destaque en las validas del aut\u00f3dromo de Tocancipa, donde de seguro, gracias a esa gran perseverancia, disciplina y trabajo, que lo caracterizan, este, uno de sus sue\u00f1os, ser\u00e1 una realidad.<\/p>\n\n\n\n<p><strong>Colectivo o Colegio:<\/strong> El cuarto Oscuro<\/p>\n\n\n\n<p><strong>Artista Formador:<\/strong> Alejandra Ochoa Ruiz<\/p>\n\n\n\n<p><strong>Formato:<\/strong> Documental<\/p>\n    \t ","protected":false},"excerpt":{"rendered":"<p>El h\u00e9roe de esta historia es Sebasti\u00e1n Fuentes, un joven capitalino, habitante del barrio la Herradura, ubicado en la localidad cuarta, en el sur oriente de Bogot\u00e1, egresado del Colegio los Alpes IED en el a\u00f1o 2017, en el cual se caracteriz\u00f3 por su inteligencia, carisma, sentido cr\u00edtico y liderazgo, que lo llevaron, tras algunas [&hellip;]<\/p>\n","protected":false},"author":1,"featured_media":181,"comment_status":"closed","ping_status":"closed","sticky":false,"template":"","format":"standard","meta":{"footnotes":""},"categories":[2],"tags":[],"yoast_head":"<!-- This site is optimized with the Yoast SEO plugin v22.1 - https:\/\/yoast.com\/wordpress\/plugins\/seo\/ -->\n<title>Super Sebas - Festival de Cortos<\/title>\n<meta name=\"robots\" content=\"index, follow, max-snippet:-1, max-image-preview:large, max-video-preview:-1\" \/>\n<link rel=\"canonical\" href=\"https:\/\/explora.crea.gov.co\/festival-de-cortos-2021\/super-sebas\/\" \/>\n<meta property=\"og:locale\" content=\"es_ES\" \/>\n<meta property=\"og:type\" content=\"article\" \/>\n<meta property=\"og:title\" content=\"Super Sebas - Festival de Cortos\" \/>\n<meta property=\"og:description\" content=\"El h\u00e9roe de esta historia es Sebasti\u00e1n Fuentes, un joven capitalino, habitante del barrio la Herradura, ubicado en la localidad cuarta, en el sur oriente de Bogot\u00e1, egresado del Colegio los Alpes IED en el a\u00f1o 2017, en el cual se caracteriz\u00f3 por su inteligencia, carisma, sentido cr\u00edtico y liderazgo, que lo llevaron, tras algunas [&hellip;]\" \/>\n<meta property=\"og:url\" content=\"https:\/\/explora.crea.gov.co\/festival-de-cortos-2021\/super-sebas\/\" \/>\n<meta property=\"og:site_name\" content=\"Festival de Cortos\" \/>\n<meta property=\"article:published_time\" content=\"2021-10-25T18:07:54+00:00\" \/>\n<meta property=\"og:image\" content=\"https:\/\/explora.crea.gov.co\/festival-de-cortos-2021\/wp-content\/uploads\/sites\/2\/2021\/10\/Super-Sebas.jpeg\" \/>\n\t<meta property=\"og:image:width\" content=\"1280\" \/>\n\t<meta property=\"og:image:height\" content=\"720\" \/>\n\t<meta property=\"og:image:type\" content=\"image\/jpeg\" \/>\n<meta name=\"author\" content=\"webmaster\" \/>\n<meta name=\"twitter:card\" content=\"summary_large_image\" \/>\n<meta name=\"twitter:label1\" content=\"Escrito por\" \/>\n\t<meta name=\"twitter:data1\" content=\"webmaster\" \/>\n\t<meta name=\"twitter:label2\" content=\"Tiempo de lectura\" \/>\n\t<meta name=\"twitter:data2\" content=\"2 minutos\" \/>\n<script type=\"application\/ld+json\" class=\"yoast-schema-graph\">{\"@context\":\"https:\/\/schema.org\",\"@graph\":[{\"@type\":\"WebPage\",\"@id\":\"https:\/\/explora.crea.gov.co\/festival-de-cortos-2021\/super-sebas\/\",\"url\":\"https:\/\/explora.crea.gov.co\/festival-de-cortos-2021\/super-sebas\/\",\"name\":\"Super Sebas - Festival de Cortos\",\"isPartOf\":{\"@id\":\"https:\/\/explora.crea.gov.co\/festival-de-cortos-2021\/#website\"},\"datePublished\":\"2021-10-25T18:07:54+00:00\",\"dateModified\":\"2021-10-25T18:07:54+00:00\",\"author\":{\"@id\":\"https:\/\/explora.crea.gov.co\/festival-de-cortos-2021\/#\/schema\/person\/5071c2e3cdaee5612c3ba0e2c9dc40e8\"},\"breadcrumb\":{\"@id\":\"https:\/\/explora.crea.gov.co\/festival-de-cortos-2021\/super-sebas\/#breadcrumb\"},\"inLanguage\":\"es\",\"potentialAction\":[{\"@type\":\"ReadAction\",\"target\":[\"https:\/\/explora.crea.gov.co\/festival-de-cortos-2021\/super-sebas\/\"]}]},{\"@type\":\"BreadcrumbList\",\"@id\":\"https:\/\/explora.crea.gov.co\/festival-de-cortos-2021\/super-sebas\/#breadcrumb\",\"itemListElement\":[{\"@type\":\"ListItem\",\"position\":1,\"name\":\"Portada\",\"item\":\"https:\/\/explora.crea.gov.co\/festival-de-cortos-2021\/\"},{\"@type\":\"ListItem\",\"position\":2,\"name\":\"Super Sebas\"}]},{\"@type\":\"WebSite\",\"@id\":\"https:\/\/explora.crea.gov.co\/festival-de-cortos-2021\/#website\",\"url\":\"https:\/\/explora.crea.gov.co\/festival-de-cortos-2021\/\",\"name\":\"Festival de Cortos\",\"description\":\"Micrositio Explora\",\"potentialAction\":[{\"@type\":\"SearchAction\",\"target\":{\"@type\":\"EntryPoint\",\"urlTemplate\":\"https:\/\/explora.crea.gov.co\/festival-de-cortos-2021\/?s={search_term_string}\"},\"query-input\":\"required name=search_term_string\"}],\"inLanguage\":\"es\"},{\"@type\":\"Person\",\"@id\":\"https:\/\/explora.crea.gov.co\/festival-de-cortos-2021\/#\/schema\/person\/5071c2e3cdaee5612c3ba0e2c9dc40e8\",\"name\":\"webmaster\",\"image\":{\"@type\":\"ImageObject\",\"inLanguage\":\"es\",\"@id\":\"https:\/\/explora.crea.gov.co\/festival-de-cortos-2021\/#\/schema\/person\/image\/\",\"url\":\"https:\/\/secure.gravatar.com\/avatar\/73fa2de0474c53f6496b25afa67e469d?s=96&d=mm&r=g\",\"contentUrl\":\"https:\/\/secure.gravatar.com\/avatar\/73fa2de0474c53f6496b25afa67e469d?s=96&d=mm&r=g\",\"caption\":\"webmaster\"},\"url\":\"https:\/\/explora.crea.gov.co\/festival-de-cortos-2021\/author\/webmaster\/\"}]}<\/script>\n<!-- \/ Yoast SEO plugin. -->","yoast_head_json":{"title":"Super Sebas - Festival de Cortos","robots":{"index":"index","follow":"follow","max-snippet":"max-snippet:-1","max-image-preview":"max-image-preview:large","max-video-preview":"max-video-preview:-1"},"canonical":"https:\/\/explora.crea.gov.co\/festival-de-cortos-2021\/super-sebas\/","og_locale":"es_ES","og_type":"article","og_title":"Super Sebas - Festival de Cortos","og_description":"El h\u00e9roe de esta historia es Sebasti\u00e1n Fuentes, un joven capitalino, habitante del barrio la Herradura, ubicado en la localidad cuarta, en el sur oriente de Bogot\u00e1, egresado del Colegio los Alpes IED en el a\u00f1o 2017, en el cual se caracteriz\u00f3 por su inteligencia, carisma, sentido cr\u00edtico y liderazgo, que lo llevaron, tras algunas [&hellip;]","og_url":"https:\/\/explora.crea.gov.co\/festival-de-cortos-2021\/super-sebas\/","og_site_name":"Festival de Cortos","article_published_time":"2021-10-25T18:07:54+00:00","og_image":[{"width":1280,"height":720,"url":"https:\/\/explora.crea.gov.co\/festival-de-cortos-2021\/wp-content\/uploads\/sites\/2\/2021\/10\/Super-Sebas.jpeg","type":"image\/jpeg"}],"author":"webmaster","twitter_card":"summary_large_image","twitter_misc":{"Escrito por":"webmaster","Tiempo de lectura":"2 minutos"},"schema":{"@context":"https:\/\/schema.org","@graph":[{"@type":"WebPage","@id":"https:\/\/explora.crea.gov.co\/festival-de-cortos-2021\/super-sebas\/","url":"https:\/\/explora.crea.gov.co\/festival-de-cortos-2021\/super-sebas\/","name":"Super Sebas - Festival de Cortos","isPartOf":{"@id":"https:\/\/explora.crea.gov.co\/festival-de-cortos-2021\/#website"},"datePublished":"2021-10-25T18:07:54+00:00","dateModified":"2021-10-25T18:07:54+00:00","author":{"@id":"https:\/\/explora.crea.gov.co\/festival-de-cortos-2021\/#\/schema\/person\/5071c2e3cdaee5612c3ba0e2c9dc40e8"},"breadcrumb":{"@id":"https:\/\/explora.crea.gov.co\/festival-de-cortos-2021\/super-sebas\/#breadcrumb"},"inLanguage":"es","potentialAction":[{"@type":"ReadAction","target":["https:\/\/explora.crea.gov.co\/festival-de-cortos-2021\/super-sebas\/"]}]},{"@type":"BreadcrumbList","@id":"https:\/\/explora.crea.gov.co\/festival-de-cortos-2021\/super-sebas\/#breadcrumb","itemListElement":[{"@type":"ListItem","position":1,"name":"Portada","item":"https:\/\/explora.crea.gov.co\/festival-de-cortos-2021\/"},{"@type":"ListItem","position":2,"name":"Super Sebas"}]},{"@type":"WebSite","@id":"https:\/\/explora.crea.gov.co\/festival-de-cortos-2021\/#website","url":"https:\/\/explora.crea.gov.co\/festival-de-cortos-2021\/","name":"Festival de Cortos","description":"Micrositio Explora","potentialAction":[{"@type":"SearchAction","target":{"@type":"EntryPoint","urlTemplate":"https:\/\/explora.crea.gov.co\/festival-de-cortos-2021\/?s={search_term_string}"},"query-input":"required name=search_term_string"}],"inLanguage":"es"},{"@type":"Person","@id":"https:\/\/explora.crea.gov.co\/festival-de-cortos-2021\/#\/schema\/person\/5071c2e3cdaee5612c3ba0e2c9dc40e8","name":"webmaster","image":{"@type":"ImageObject","inLanguage":"es","@id":"https:\/\/explora.crea.gov.co\/festival-de-cortos-2021\/#\/schema\/person\/image\/","url":"https:\/\/secure.gravatar.com\/avatar\/73fa2de0474c53f6496b25afa67e469d?s=96&d=mm&r=g","contentUrl":"https:\/\/secure.gravatar.com\/avatar\/73fa2de0474c53f6496b25afa67e469d?s=96&d=mm&r=g","caption":"webmaster"},"url":"https:\/\/explora.crea.gov.co\/festival-de-cortos-2021\/author\/webmaster\/"}]}},"_links":{"self":[{"href":"https:\/\/explora.crea.gov.co\/festival-de-cortos-2021\/wp-json\/wp\/v2\/posts\/180"}],"collection":[{"href":"https:\/\/explora.crea.gov.co\/festival-de-cortos-2021\/wp-json\/wp\/v2\/posts"}],"about":[{"href":"https:\/\/explora.crea.gov.co\/festival-de-cortos-2021\/wp-json\/wp\/v2\/types\/post"}],"author":[{"embeddable":true,"href":"https:\/\/explora.crea.gov.co\/festival-de-cortos-2021\/wp-json\/wp\/v2\/users\/1"}],"replies":[{"embeddable":true,"href":"https:\/\/explora.crea.gov.co\/festival-de-cortos-2021\/wp-json\/wp\/v2\/comments?post=180"}],"version-history":[{"count":0,"href":"https:\/\/explora.crea.gov.co\/festival-de-cortos-2021\/wp-json\/wp\/v2\/posts\/180\/revisions"}],"wp:featuredmedia":[{"embeddable":true,"href":"https:\/\/explora.crea.gov.co\/festival-de-cortos-2021\/wp-json\/wp\/v2\/media\/181"}],"wp:attachment":[{"href":"https:\/\/explora.crea.gov.co\/festival-de-cortos-2021\/wp-json\/wp\/v2\/media?parent=180"}],"wp:term":[{"taxonomy":"category","embeddable":true,"href":"https:\/\/explora.crea.gov.co\/festival-de-cortos-2021\/wp-json\/wp\/v2\/categories?post=180"},{"taxonomy":"post_tag","embeddable":true,"href":"https:\/\/explora.crea.gov.co\/festival-de-cortos-2021\/wp-json\/wp\/v2\/tags?post=180"}],"curies":[{"name":"wp","href":"https:\/\/api.w.org\/{rel}","templated":true}]}}