{"id":132,"date":"2021-10-25T17:17:07","date_gmt":"2021-10-25T17:17:07","guid":{"rendered":"https:\/\/explora.crea.gov.co\/festival-de-cortos\/?p=132"},"modified":"2021-10-25T17:17:07","modified_gmt":"2021-10-25T17:17:07","slug":"la-revolucion-de-los-ninis","status":"publish","type":"post","link":"https:\/\/explora.crea.gov.co\/festival-de-cortos-2021\/la-revolucion-de-los-ninis\/","title":{"rendered":"La revoluci\u00f3n de los ninis"},"content":{"rendered":"\n<p><strong>SINOPSIS: <\/strong>La revoluci\u00f3n de los ninis es un cortometraje documental animado que relata a partir de diferentes historias la vida, las dificultades y retos que enfrenta la juventud en Colombia. \u00bfCu\u00e1les son los retos que enfrentan los j\u00f3venes desde sus nacimientos hasta su desarrollo evolutivo? Es precisamente est\u00e1 inc\u00f3gnita la que nos llevar\u00e1 a transitar por aquellas historias de los j\u00f3venes que desde la periferia y urbanidad luchan para tener un mejor futuro.<\/p>\n\n\n\n<p><strong>Colectivo o Colegio:<\/strong> Neofilms<\/p>\n\n\n\n<p><strong>Artista Formador:<\/strong> Jeferson Romero<\/p>\n\n\n\n<p><strong>Formato:<\/strong> Documental<\/p>\n    \t ","protected":false},"excerpt":{"rendered":"<p>SINOPSIS: La revoluci\u00f3n de los ninis es un cortometraje documental animado que relata a partir de diferentes historias la vida, las dificultades y retos que enfrenta la juventud en Colombia. \u00bfCu\u00e1les son los retos que enfrentan los j\u00f3venes desde sus nacimientos hasta su desarrollo evolutivo? Es precisamente est\u00e1 inc\u00f3gnita la que nos llevar\u00e1 a transitar [&hellip;]<\/p>\n","protected":false},"author":1,"featured_media":133,"comment_status":"closed","ping_status":"closed","sticky":false,"template":"","format":"standard","meta":{"footnotes":""},"categories":[2],"tags":[],"yoast_head":"<!-- This site is optimized with the Yoast SEO plugin v22.1 - https:\/\/yoast.com\/wordpress\/plugins\/seo\/ -->\n<title>La revoluci\u00f3n de los ninis - Festival de Cortos<\/title>\n<meta name=\"robots\" content=\"index, follow, max-snippet:-1, max-image-preview:large, max-video-preview:-1\" \/>\n<link rel=\"canonical\" href=\"https:\/\/explora.crea.gov.co\/festival-de-cortos-2021\/la-revolucion-de-los-ninis\/\" \/>\n<meta property=\"og:locale\" content=\"es_ES\" \/>\n<meta property=\"og:type\" content=\"article\" \/>\n<meta property=\"og:title\" content=\"La revoluci\u00f3n de los ninis - Festival de Cortos\" \/>\n<meta property=\"og:description\" content=\"SINOPSIS: La revoluci\u00f3n de los ninis es un cortometraje documental animado que relata a partir de diferentes historias la vida, las dificultades y retos que enfrenta la juventud en Colombia. \u00bfCu\u00e1les son los retos que enfrentan los j\u00f3venes desde sus nacimientos hasta su desarrollo evolutivo? Es precisamente est\u00e1 inc\u00f3gnita la que nos llevar\u00e1 a transitar [&hellip;]\" \/>\n<meta property=\"og:url\" content=\"https:\/\/explora.crea.gov.co\/festival-de-cortos-2021\/la-revolucion-de-los-ninis\/\" \/>\n<meta property=\"og:site_name\" content=\"Festival de Cortos\" \/>\n<meta property=\"article:published_time\" content=\"2021-10-25T17:17:07+00:00\" \/>\n<meta property=\"og:image\" content=\"https:\/\/explora.crea.gov.co\/festival-de-cortos-2021\/wp-content\/uploads\/sites\/2\/2021\/10\/La-revolucion-de-los-ninis.jpeg\" \/>\n\t<meta property=\"og:image:width\" content=\"1280\" \/>\n\t<meta property=\"og:image:height\" content=\"720\" \/>\n\t<meta property=\"og:image:type\" content=\"image\/jpeg\" \/>\n<meta name=\"author\" content=\"webmaster\" \/>\n<meta name=\"twitter:card\" content=\"summary_large_image\" \/>\n<meta name=\"twitter:label1\" content=\"Escrito por\" \/>\n\t<meta name=\"twitter:data1\" content=\"webmaster\" \/>\n\t<meta name=\"twitter:label2\" content=\"Tiempo de lectura\" \/>\n\t<meta name=\"twitter:data2\" content=\"1 minuto\" \/>\n<script type=\"application\/ld+json\" class=\"yoast-schema-graph\">{\"@context\":\"https:\/\/schema.org\",\"@graph\":[{\"@type\":\"WebPage\",\"@id\":\"https:\/\/explora.crea.gov.co\/festival-de-cortos-2021\/la-revolucion-de-los-ninis\/\",\"url\":\"https:\/\/explora.crea.gov.co\/festival-de-cortos-2021\/la-revolucion-de-los-ninis\/\",\"name\":\"La revoluci\u00f3n de los ninis - Festival de Cortos\",\"isPartOf\":{\"@id\":\"https:\/\/explora.crea.gov.co\/festival-de-cortos-2021\/#website\"},\"datePublished\":\"2021-10-25T17:17:07+00:00\",\"dateModified\":\"2021-10-25T17:17:07+00:00\",\"author\":{\"@id\":\"https:\/\/explora.crea.gov.co\/festival-de-cortos-2021\/#\/schema\/person\/5071c2e3cdaee5612c3ba0e2c9dc40e8\"},\"breadcrumb\":{\"@id\":\"https:\/\/explora.crea.gov.co\/festival-de-cortos-2021\/la-revolucion-de-los-ninis\/#breadcrumb\"},\"inLanguage\":\"es\",\"potentialAction\":[{\"@type\":\"ReadAction\",\"target\":[\"https:\/\/explora.crea.gov.co\/festival-de-cortos-2021\/la-revolucion-de-los-ninis\/\"]}]},{\"@type\":\"BreadcrumbList\",\"@id\":\"https:\/\/explora.crea.gov.co\/festival-de-cortos-2021\/la-revolucion-de-los-ninis\/#breadcrumb\",\"itemListElement\":[{\"@type\":\"ListItem\",\"position\":1,\"name\":\"Portada\",\"item\":\"https:\/\/explora.crea.gov.co\/festival-de-cortos-2021\/\"},{\"@type\":\"ListItem\",\"position\":2,\"name\":\"La revoluci\u00f3n de los ninis\"}]},{\"@type\":\"WebSite\",\"@id\":\"https:\/\/explora.crea.gov.co\/festival-de-cortos-2021\/#website\",\"url\":\"https:\/\/explora.crea.gov.co\/festival-de-cortos-2021\/\",\"name\":\"Festival de Cortos\",\"description\":\"Micrositio Explora\",\"potentialAction\":[{\"@type\":\"SearchAction\",\"target\":{\"@type\":\"EntryPoint\",\"urlTemplate\":\"https:\/\/explora.crea.gov.co\/festival-de-cortos-2021\/?s={search_term_string}\"},\"query-input\":\"required name=search_term_string\"}],\"inLanguage\":\"es\"},{\"@type\":\"Person\",\"@id\":\"https:\/\/explora.crea.gov.co\/festival-de-cortos-2021\/#\/schema\/person\/5071c2e3cdaee5612c3ba0e2c9dc40e8\",\"name\":\"webmaster\",\"image\":{\"@type\":\"ImageObject\",\"inLanguage\":\"es\",\"@id\":\"https:\/\/explora.crea.gov.co\/festival-de-cortos-2021\/#\/schema\/person\/image\/\",\"url\":\"https:\/\/secure.gravatar.com\/avatar\/73fa2de0474c53f6496b25afa67e469d?s=96&d=mm&r=g\",\"contentUrl\":\"https:\/\/secure.gravatar.com\/avatar\/73fa2de0474c53f6496b25afa67e469d?s=96&d=mm&r=g\",\"caption\":\"webmaster\"},\"url\":\"https:\/\/explora.crea.gov.co\/festival-de-cortos-2021\/author\/webmaster\/\"}]}<\/script>\n<!-- \/ Yoast SEO plugin. -->","yoast_head_json":{"title":"La revoluci\u00f3n de los ninis - Festival de Cortos","robots":{"index":"index","follow":"follow","max-snippet":"max-snippet:-1","max-image-preview":"max-image-preview:large","max-video-preview":"max-video-preview:-1"},"canonical":"https:\/\/explora.crea.gov.co\/festival-de-cortos-2021\/la-revolucion-de-los-ninis\/","og_locale":"es_ES","og_type":"article","og_title":"La revoluci\u00f3n de los ninis - Festival de Cortos","og_description":"SINOPSIS: La revoluci\u00f3n de los ninis es un cortometraje documental animado que relata a partir de diferentes historias la vida, las dificultades y retos que enfrenta la juventud en Colombia. \u00bfCu\u00e1les son los retos que enfrentan los j\u00f3venes desde sus nacimientos hasta su desarrollo evolutivo? Es precisamente est\u00e1 inc\u00f3gnita la que nos llevar\u00e1 a transitar [&hellip;]","og_url":"https:\/\/explora.crea.gov.co\/festival-de-cortos-2021\/la-revolucion-de-los-ninis\/","og_site_name":"Festival de Cortos","article_published_time":"2021-10-25T17:17:07+00:00","og_image":[{"width":1280,"height":720,"url":"https:\/\/explora.crea.gov.co\/festival-de-cortos-2021\/wp-content\/uploads\/sites\/2\/2021\/10\/La-revolucion-de-los-ninis.jpeg","type":"image\/jpeg"}],"author":"webmaster","twitter_card":"summary_large_image","twitter_misc":{"Escrito por":"webmaster","Tiempo de lectura":"1 minuto"},"schema":{"@context":"https:\/\/schema.org","@graph":[{"@type":"WebPage","@id":"https:\/\/explora.crea.gov.co\/festival-de-cortos-2021\/la-revolucion-de-los-ninis\/","url":"https:\/\/explora.crea.gov.co\/festival-de-cortos-2021\/la-revolucion-de-los-ninis\/","name":"La revoluci\u00f3n de los ninis - Festival de Cortos","isPartOf":{"@id":"https:\/\/explora.crea.gov.co\/festival-de-cortos-2021\/#website"},"datePublished":"2021-10-25T17:17:07+00:00","dateModified":"2021-10-25T17:17:07+00:00","author":{"@id":"https:\/\/explora.crea.gov.co\/festival-de-cortos-2021\/#\/schema\/person\/5071c2e3cdaee5612c3ba0e2c9dc40e8"},"breadcrumb":{"@id":"https:\/\/explora.crea.gov.co\/festival-de-cortos-2021\/la-revolucion-de-los-ninis\/#breadcrumb"},"inLanguage":"es","potentialAction":[{"@type":"ReadAction","target":["https:\/\/explora.crea.gov.co\/festival-de-cortos-2021\/la-revolucion-de-los-ninis\/"]}]},{"@type":"BreadcrumbList","@id":"https:\/\/explora.crea.gov.co\/festival-de-cortos-2021\/la-revolucion-de-los-ninis\/#breadcrumb","itemListElement":[{"@type":"ListItem","position":1,"name":"Portada","item":"https:\/\/explora.crea.gov.co\/festival-de-cortos-2021\/"},{"@type":"ListItem","position":2,"name":"La revoluci\u00f3n de los ninis"}]},{"@type":"WebSite","@id":"https:\/\/explora.crea.gov.co\/festival-de-cortos-2021\/#website","url":"https:\/\/explora.crea.gov.co\/festival-de-cortos-2021\/","name":"Festival de Cortos","description":"Micrositio Explora","potentialAction":[{"@type":"SearchAction","target":{"@type":"EntryPoint","urlTemplate":"https:\/\/explora.crea.gov.co\/festival-de-cortos-2021\/?s={search_term_string}"},"query-input":"required name=search_term_string"}],"inLanguage":"es"},{"@type":"Person","@id":"https:\/\/explora.crea.gov.co\/festival-de-cortos-2021\/#\/schema\/person\/5071c2e3cdaee5612c3ba0e2c9dc40e8","name":"webmaster","image":{"@type":"ImageObject","inLanguage":"es","@id":"https:\/\/explora.crea.gov.co\/festival-de-cortos-2021\/#\/schema\/person\/image\/","url":"https:\/\/secure.gravatar.com\/avatar\/73fa2de0474c53f6496b25afa67e469d?s=96&d=mm&r=g","contentUrl":"https:\/\/secure.gravatar.com\/avatar\/73fa2de0474c53f6496b25afa67e469d?s=96&d=mm&r=g","caption":"webmaster"},"url":"https:\/\/explora.crea.gov.co\/festival-de-cortos-2021\/author\/webmaster\/"}]}},"_links":{"self":[{"href":"https:\/\/explora.crea.gov.co\/festival-de-cortos-2021\/wp-json\/wp\/v2\/posts\/132"}],"collection":[{"href":"https:\/\/explora.crea.gov.co\/festival-de-cortos-2021\/wp-json\/wp\/v2\/posts"}],"about":[{"href":"https:\/\/explora.crea.gov.co\/festival-de-cortos-2021\/wp-json\/wp\/v2\/types\/post"}],"author":[{"embeddable":true,"href":"https:\/\/explora.crea.gov.co\/festival-de-cortos-2021\/wp-json\/wp\/v2\/users\/1"}],"replies":[{"embeddable":true,"href":"https:\/\/explora.crea.gov.co\/festival-de-cortos-2021\/wp-json\/wp\/v2\/comments?post=132"}],"version-history":[{"count":0,"href":"https:\/\/explora.crea.gov.co\/festival-de-cortos-2021\/wp-json\/wp\/v2\/posts\/132\/revisions"}],"wp:featuredmedia":[{"embeddable":true,"href":"https:\/\/explora.crea.gov.co\/festival-de-cortos-2021\/wp-json\/wp\/v2\/media\/133"}],"wp:attachment":[{"href":"https:\/\/explora.crea.gov.co\/festival-de-cortos-2021\/wp-json\/wp\/v2\/media?parent=132"}],"wp:term":[{"taxonomy":"category","embeddable":true,"href":"https:\/\/explora.crea.gov.co\/festival-de-cortos-2021\/wp-json\/wp\/v2\/categories?post=132"},{"taxonomy":"post_tag","embeddable":true,"href":"https:\/\/explora.crea.gov.co\/festival-de-cortos-2021\/wp-json\/wp\/v2\/tags?post=132"}],"curies":[{"name":"wp","href":"https:\/\/api.w.org\/{rel}","templated":true}]}}