{"id":5583,"date":"2020-11-23T15:57:20","date_gmt":"2020-11-23T20:57:20","guid":{"rendered":"http:\/\/localhost\/crea_site\/?post_type=cortos&amp;p=5583"},"modified":"2020-11-23T15:57:20","modified_gmt":"2020-11-23T20:57:20","slug":"mosquereando-el-patrimonio-cap1-manifestacion-ancestral","status":"publish","type":"post","link":"https:\/\/explora.crea.gov.co\/festival-de-cortos-2020\/mosquereando-el-patrimonio-cap1-manifestacion-ancestral\/","title":{"rendered":"Mosquereando el patrimonio &#8211; CAP1 &#8211; Manifestaci\u00f3n Ancestral"},"content":{"rendered":"\n<p>En el municipio de Mosquera se encuentra una gran riqueza de petroglifos los cuales est\u00e1n atribuidos a nuestros ancestros los muiscas, sin olvidarnos de la presencia de otros grupos ind\u00edgenas como los Panches, Sutagaos y Muzos, a los cuales tambi\u00e9n puede atribu\u00edrseles estas manifestaciones de arte precolombino, estos petroglifos tambi\u00e9n se encuentran en la vertiente occidental de Cundinamarca lo que nos da a entender una buena relaci\u00f3n cultural. En el momento estas expresiones culturales no tienen la debida vigilancia por los entes culturales de la regi\u00f3n lo cual ha ocasionado un gran deterioro y un inminente peligro de p\u00e9rdida de los mismos. Estos petroglifos se remontan al a\u00f1o 1600 y 1700 de nuestra era y ser\u00eda una l\u00e1stima la perdida de esta riqueza ancestral.<\/p>\n    \t    \t ","protected":false},"excerpt":{"rendered":"<p>En el municipio de Mosquera se encuentra una gran riqueza de petroglifos los cuales est\u00e1n atribuidos a nuestros ancestros los muiscas, sin olvidarnos de la presencia de otros grupos ind\u00edgenas como los Panches, Sutagaos y Muzos, a los cuales tambi\u00e9n puede atribu\u00edrseles estas manifestaciones de arte precolombino, estos petroglifos tambi\u00e9n se encuentran en la vertiente [&hellip;]<\/p>\n","protected":false},"author":1,"featured_media":5584,"comment_status":"closed","ping_status":"closed","sticky":false,"template":"","format":"standard","meta":{"footnotes":""},"categories":[4,5],"tags":[],"yoast_head":"<!-- This site is optimized with the Yoast SEO plugin v22.1 - https:\/\/yoast.com\/wordpress\/plugins\/seo\/ -->\n<title>Mosquereando el patrimonio - CAP1 - Manifestaci\u00f3n Ancestral - Festival de Cortos 2020<\/title>\n<meta name=\"robots\" content=\"index, follow, max-snippet:-1, max-image-preview:large, max-video-preview:-1\" \/>\n<link rel=\"canonical\" href=\"https:\/\/explora.crea.gov.co\/festival-de-cortos-2020\/mosquereando-el-patrimonio-cap1-manifestacion-ancestral\/\" \/>\n<meta property=\"og:locale\" content=\"es_ES\" \/>\n<meta property=\"og:type\" content=\"article\" \/>\n<meta property=\"og:title\" content=\"Mosquereando el patrimonio - CAP1 - Manifestaci\u00f3n Ancestral - Festival de Cortos 2020\" \/>\n<meta property=\"og:description\" content=\"En el municipio de Mosquera se encuentra una gran riqueza de petroglifos los cuales est\u00e1n atribuidos a nuestros ancestros los muiscas, sin olvidarnos de la presencia de otros grupos ind\u00edgenas como los Panches, Sutagaos y Muzos, a los cuales tambi\u00e9n puede atribu\u00edrseles estas manifestaciones de arte precolombino, estos petroglifos tambi\u00e9n se encuentran en la vertiente [&hellip;]\" \/>\n<meta property=\"og:url\" content=\"https:\/\/explora.crea.gov.co\/festival-de-cortos-2020\/mosquereando-el-patrimonio-cap1-manifestacion-ancestral\/\" \/>\n<meta property=\"og:site_name\" content=\"Festival de Cortos 2020\" \/>\n<meta property=\"article:published_time\" content=\"2020-11-23T20:57:20+00:00\" \/>\n<meta name=\"author\" content=\"webmaster\" \/>\n<meta name=\"twitter:card\" content=\"summary_large_image\" \/>\n<meta name=\"twitter:label1\" content=\"Escrito por\" \/>\n\t<meta name=\"twitter:data1\" content=\"webmaster\" \/>\n\t<meta name=\"twitter:label2\" content=\"Tiempo de lectura\" \/>\n\t<meta name=\"twitter:data2\" content=\"1 minuto\" \/>\n<script type=\"application\/ld+json\" class=\"yoast-schema-graph\">{\"@context\":\"https:\/\/schema.org\",\"@graph\":[{\"@type\":\"WebPage\",\"@id\":\"https:\/\/explora.crea.gov.co\/festival-de-cortos-2020\/mosquereando-el-patrimonio-cap1-manifestacion-ancestral\/\",\"url\":\"https:\/\/explora.crea.gov.co\/festival-de-cortos-2020\/mosquereando-el-patrimonio-cap1-manifestacion-ancestral\/\",\"name\":\"Mosquereando el patrimonio - CAP1 - Manifestaci\u00f3n Ancestral - Festival de Cortos 2020\",\"isPartOf\":{\"@id\":\"https:\/\/explora.crea.gov.co\/festival-de-cortos-2020\/#website\"},\"datePublished\":\"2020-11-23T20:57:20+00:00\",\"dateModified\":\"2020-11-23T20:57:20+00:00\",\"author\":{\"@id\":\"https:\/\/explora.crea.gov.co\/festival-de-cortos-2020\/#\/schema\/person\/5071c2e3cdaee5612c3ba0e2c9dc40e8\"},\"breadcrumb\":{\"@id\":\"https:\/\/explora.crea.gov.co\/festival-de-cortos-2020\/mosquereando-el-patrimonio-cap1-manifestacion-ancestral\/#breadcrumb\"},\"inLanguage\":\"es\",\"potentialAction\":[{\"@type\":\"ReadAction\",\"target\":[\"https:\/\/explora.crea.gov.co\/festival-de-cortos-2020\/mosquereando-el-patrimonio-cap1-manifestacion-ancestral\/\"]}]},{\"@type\":\"BreadcrumbList\",\"@id\":\"https:\/\/explora.crea.gov.co\/festival-de-cortos-2020\/mosquereando-el-patrimonio-cap1-manifestacion-ancestral\/#breadcrumb\",\"itemListElement\":[{\"@type\":\"ListItem\",\"position\":1,\"name\":\"Portada\",\"item\":\"https:\/\/explora.crea.gov.co\/festival-de-cortos-2020\/\"},{\"@type\":\"ListItem\",\"position\":2,\"name\":\"Mosquereando el patrimonio &#8211; CAP1 &#8211; Manifestaci\u00f3n Ancestral\"}]},{\"@type\":\"WebSite\",\"@id\":\"https:\/\/explora.crea.gov.co\/festival-de-cortos-2020\/#website\",\"url\":\"https:\/\/explora.crea.gov.co\/festival-de-cortos-2020\/\",\"name\":\"Festival de Cortos 2020\",\"description\":\"Explora Crea Micrositios\",\"potentialAction\":[{\"@type\":\"SearchAction\",\"target\":{\"@type\":\"EntryPoint\",\"urlTemplate\":\"https:\/\/explora.crea.gov.co\/festival-de-cortos-2020\/?s={search_term_string}\"},\"query-input\":\"required name=search_term_string\"}],\"inLanguage\":\"es\"},{\"@type\":\"Person\",\"@id\":\"https:\/\/explora.crea.gov.co\/festival-de-cortos-2020\/#\/schema\/person\/5071c2e3cdaee5612c3ba0e2c9dc40e8\",\"name\":\"webmaster\",\"image\":{\"@type\":\"ImageObject\",\"inLanguage\":\"es\",\"@id\":\"https:\/\/explora.crea.gov.co\/festival-de-cortos-2020\/#\/schema\/person\/image\/\",\"url\":\"https:\/\/secure.gravatar.com\/avatar\/73fa2de0474c53f6496b25afa67e469d?s=96&d=mm&r=g\",\"contentUrl\":\"https:\/\/secure.gravatar.com\/avatar\/73fa2de0474c53f6496b25afa67e469d?s=96&d=mm&r=g\",\"caption\":\"webmaster\"},\"url\":\"https:\/\/explora.crea.gov.co\/festival-de-cortos-2020\/author\/webmaster\/\"}]}<\/script>\n<!-- \/ Yoast SEO plugin. -->","yoast_head_json":{"title":"Mosquereando el patrimonio - CAP1 - Manifestaci\u00f3n Ancestral - Festival de Cortos 2020","robots":{"index":"index","follow":"follow","max-snippet":"max-snippet:-1","max-image-preview":"max-image-preview:large","max-video-preview":"max-video-preview:-1"},"canonical":"https:\/\/explora.crea.gov.co\/festival-de-cortos-2020\/mosquereando-el-patrimonio-cap1-manifestacion-ancestral\/","og_locale":"es_ES","og_type":"article","og_title":"Mosquereando el patrimonio - CAP1 - Manifestaci\u00f3n Ancestral - Festival de Cortos 2020","og_description":"En el municipio de Mosquera se encuentra una gran riqueza de petroglifos los cuales est\u00e1n atribuidos a nuestros ancestros los muiscas, sin olvidarnos de la presencia de otros grupos ind\u00edgenas como los Panches, Sutagaos y Muzos, a los cuales tambi\u00e9n puede atribu\u00edrseles estas manifestaciones de arte precolombino, estos petroglifos tambi\u00e9n se encuentran en la vertiente [&hellip;]","og_url":"https:\/\/explora.crea.gov.co\/festival-de-cortos-2020\/mosquereando-el-patrimonio-cap1-manifestacion-ancestral\/","og_site_name":"Festival de Cortos 2020","article_published_time":"2020-11-23T20:57:20+00:00","author":"webmaster","twitter_card":"summary_large_image","twitter_misc":{"Escrito por":"webmaster","Tiempo de lectura":"1 minuto"},"schema":{"@context":"https:\/\/schema.org","@graph":[{"@type":"WebPage","@id":"https:\/\/explora.crea.gov.co\/festival-de-cortos-2020\/mosquereando-el-patrimonio-cap1-manifestacion-ancestral\/","url":"https:\/\/explora.crea.gov.co\/festival-de-cortos-2020\/mosquereando-el-patrimonio-cap1-manifestacion-ancestral\/","name":"Mosquereando el patrimonio - CAP1 - Manifestaci\u00f3n Ancestral - Festival de Cortos 2020","isPartOf":{"@id":"https:\/\/explora.crea.gov.co\/festival-de-cortos-2020\/#website"},"datePublished":"2020-11-23T20:57:20+00:00","dateModified":"2020-11-23T20:57:20+00:00","author":{"@id":"https:\/\/explora.crea.gov.co\/festival-de-cortos-2020\/#\/schema\/person\/5071c2e3cdaee5612c3ba0e2c9dc40e8"},"breadcrumb":{"@id":"https:\/\/explora.crea.gov.co\/festival-de-cortos-2020\/mosquereando-el-patrimonio-cap1-manifestacion-ancestral\/#breadcrumb"},"inLanguage":"es","potentialAction":[{"@type":"ReadAction","target":["https:\/\/explora.crea.gov.co\/festival-de-cortos-2020\/mosquereando-el-patrimonio-cap1-manifestacion-ancestral\/"]}]},{"@type":"BreadcrumbList","@id":"https:\/\/explora.crea.gov.co\/festival-de-cortos-2020\/mosquereando-el-patrimonio-cap1-manifestacion-ancestral\/#breadcrumb","itemListElement":[{"@type":"ListItem","position":1,"name":"Portada","item":"https:\/\/explora.crea.gov.co\/festival-de-cortos-2020\/"},{"@type":"ListItem","position":2,"name":"Mosquereando el patrimonio &#8211; CAP1 &#8211; Manifestaci\u00f3n Ancestral"}]},{"@type":"WebSite","@id":"https:\/\/explora.crea.gov.co\/festival-de-cortos-2020\/#website","url":"https:\/\/explora.crea.gov.co\/festival-de-cortos-2020\/","name":"Festival de Cortos 2020","description":"Explora Crea Micrositios","potentialAction":[{"@type":"SearchAction","target":{"@type":"EntryPoint","urlTemplate":"https:\/\/explora.crea.gov.co\/festival-de-cortos-2020\/?s={search_term_string}"},"query-input":"required name=search_term_string"}],"inLanguage":"es"},{"@type":"Person","@id":"https:\/\/explora.crea.gov.co\/festival-de-cortos-2020\/#\/schema\/person\/5071c2e3cdaee5612c3ba0e2c9dc40e8","name":"webmaster","image":{"@type":"ImageObject","inLanguage":"es","@id":"https:\/\/explora.crea.gov.co\/festival-de-cortos-2020\/#\/schema\/person\/image\/","url":"https:\/\/secure.gravatar.com\/avatar\/73fa2de0474c53f6496b25afa67e469d?s=96&d=mm&r=g","contentUrl":"https:\/\/secure.gravatar.com\/avatar\/73fa2de0474c53f6496b25afa67e469d?s=96&d=mm&r=g","caption":"webmaster"},"url":"https:\/\/explora.crea.gov.co\/festival-de-cortos-2020\/author\/webmaster\/"}]}},"_links":{"self":[{"href":"https:\/\/explora.crea.gov.co\/festival-de-cortos-2020\/wp-json\/wp\/v2\/posts\/5583"}],"collection":[{"href":"https:\/\/explora.crea.gov.co\/festival-de-cortos-2020\/wp-json\/wp\/v2\/posts"}],"about":[{"href":"https:\/\/explora.crea.gov.co\/festival-de-cortos-2020\/wp-json\/wp\/v2\/types\/post"}],"author":[{"embeddable":true,"href":"https:\/\/explora.crea.gov.co\/festival-de-cortos-2020\/wp-json\/wp\/v2\/users\/1"}],"replies":[{"embeddable":true,"href":"https:\/\/explora.crea.gov.co\/festival-de-cortos-2020\/wp-json\/wp\/v2\/comments?post=5583"}],"version-history":[{"count":0,"href":"https:\/\/explora.crea.gov.co\/festival-de-cortos-2020\/wp-json\/wp\/v2\/posts\/5583\/revisions"}],"wp:featuredmedia":[{"embeddable":true,"href":"https:\/\/explora.crea.gov.co\/festival-de-cortos-2020\/wp-json\/"}],"wp:attachment":[{"href":"https:\/\/explora.crea.gov.co\/festival-de-cortos-2020\/wp-json\/wp\/v2\/media?parent=5583"}],"wp:term":[{"taxonomy":"category","embeddable":true,"href":"https:\/\/explora.crea.gov.co\/festival-de-cortos-2020\/wp-json\/wp\/v2\/categories?post=5583"},{"taxonomy":"post_tag","embeddable":true,"href":"https:\/\/explora.crea.gov.co\/festival-de-cortos-2020\/wp-json\/wp\/v2\/tags?post=5583"}],"curies":[{"name":"wp","href":"https:\/\/api.w.org\/{rel}","templated":true}]}}