{"id":5576,"date":"2020-11-23T15:49:23","date_gmt":"2020-11-23T20:49:23","guid":{"rendered":"http:\/\/localhost\/crea_site\/?post_type=cortos&amp;p=5576"},"modified":"2020-11-23T15:49:23","modified_gmt":"2020-11-23T20:49:23","slug":"la-piragua","status":"publish","type":"post","link":"https:\/\/explora.crea.gov.co\/festival-de-cortos-2020\/la-piragua\/","title":{"rendered":"La Piragua"},"content":{"rendered":"\n<p>Por medio de la aEl grupo Sim\u00f3n Bol\u00edvar EC1563 es un grupo perteneciente a la l\u00ednea Impulso Colectivo, en donde se han venido trabajando tem\u00e1ticas musicales de melod\u00eda armon\u00eda y ritmo, por esta raz\u00f3n como ejercicio musical el grupo se propuso trabajar la l\u00ednea mel\u00f3dica partiendo de una pista de practica grabada previamente por el Artista Formador y puesta en el aula virtual para que cada estudiante hiciese un video acompa\u00f1\u00e1ndose de esta y ejecutando la melod\u00eda de la cumbia \u00abLa Piragua\u00bb, del compositor Jos\u00e9 Barros, con los video entregados por los estudiantes se decidi\u00f3 hacer un video grupal donde se evidenciara la interpretaci\u00f3n mel\u00f3dica individual y colectiva.<br><\/p>\n    \t    \t ","protected":false},"excerpt":{"rendered":"<p>Por medio de la aEl grupo Sim\u00f3n Bol\u00edvar EC1563 es un grupo perteneciente a la l\u00ednea Impulso Colectivo, en donde se han venido trabajando tem\u00e1ticas musicales de melod\u00eda armon\u00eda y ritmo, por esta raz\u00f3n como ejercicio musical el grupo se propuso trabajar la l\u00ednea mel\u00f3dica partiendo de una pista de practica grabada previamente por el [&hellip;]<\/p>\n","protected":false},"author":1,"featured_media":5577,"comment_status":"closed","ping_status":"closed","sticky":false,"template":"","format":"standard","meta":{"footnotes":""},"categories":[4,5],"tags":[],"yoast_head":"<!-- This site is optimized with the Yoast SEO plugin v22.1 - https:\/\/yoast.com\/wordpress\/plugins\/seo\/ -->\n<title>La Piragua - Festival de Cortos 2020<\/title>\n<meta name=\"robots\" content=\"index, follow, max-snippet:-1, max-image-preview:large, max-video-preview:-1\" \/>\n<link rel=\"canonical\" href=\"https:\/\/explora.crea.gov.co\/festival-de-cortos-2020\/la-piragua\/\" \/>\n<meta property=\"og:locale\" content=\"es_ES\" \/>\n<meta property=\"og:type\" content=\"article\" \/>\n<meta property=\"og:title\" content=\"La Piragua - Festival de Cortos 2020\" \/>\n<meta property=\"og:description\" content=\"Por medio de la aEl grupo Sim\u00f3n Bol\u00edvar EC1563 es un grupo perteneciente a la l\u00ednea Impulso Colectivo, en donde se han venido trabajando tem\u00e1ticas musicales de melod\u00eda armon\u00eda y ritmo, por esta raz\u00f3n como ejercicio musical el grupo se propuso trabajar la l\u00ednea mel\u00f3dica partiendo de una pista de practica grabada previamente por el [&hellip;]\" \/>\n<meta property=\"og:url\" content=\"https:\/\/explora.crea.gov.co\/festival-de-cortos-2020\/la-piragua\/\" \/>\n<meta property=\"og:site_name\" content=\"Festival de Cortos 2020\" \/>\n<meta property=\"article:published_time\" content=\"2020-11-23T20:49:23+00:00\" \/>\n<meta name=\"author\" content=\"webmaster\" \/>\n<meta name=\"twitter:card\" content=\"summary_large_image\" \/>\n<meta name=\"twitter:label1\" content=\"Escrito por\" \/>\n\t<meta name=\"twitter:data1\" content=\"webmaster\" \/>\n\t<meta name=\"twitter:label2\" content=\"Tiempo de lectura\" \/>\n\t<meta name=\"twitter:data2\" content=\"1 minuto\" \/>\n<script type=\"application\/ld+json\" class=\"yoast-schema-graph\">{\"@context\":\"https:\/\/schema.org\",\"@graph\":[{\"@type\":\"WebPage\",\"@id\":\"https:\/\/explora.crea.gov.co\/festival-de-cortos-2020\/la-piragua\/\",\"url\":\"https:\/\/explora.crea.gov.co\/festival-de-cortos-2020\/la-piragua\/\",\"name\":\"La Piragua - Festival de Cortos 2020\",\"isPartOf\":{\"@id\":\"https:\/\/explora.crea.gov.co\/festival-de-cortos-2020\/#website\"},\"datePublished\":\"2020-11-23T20:49:23+00:00\",\"dateModified\":\"2020-11-23T20:49:23+00:00\",\"author\":{\"@id\":\"https:\/\/explora.crea.gov.co\/festival-de-cortos-2020\/#\/schema\/person\/5071c2e3cdaee5612c3ba0e2c9dc40e8\"},\"breadcrumb\":{\"@id\":\"https:\/\/explora.crea.gov.co\/festival-de-cortos-2020\/la-piragua\/#breadcrumb\"},\"inLanguage\":\"es\",\"potentialAction\":[{\"@type\":\"ReadAction\",\"target\":[\"https:\/\/explora.crea.gov.co\/festival-de-cortos-2020\/la-piragua\/\"]}]},{\"@type\":\"BreadcrumbList\",\"@id\":\"https:\/\/explora.crea.gov.co\/festival-de-cortos-2020\/la-piragua\/#breadcrumb\",\"itemListElement\":[{\"@type\":\"ListItem\",\"position\":1,\"name\":\"Portada\",\"item\":\"https:\/\/explora.crea.gov.co\/festival-de-cortos-2020\/\"},{\"@type\":\"ListItem\",\"position\":2,\"name\":\"La Piragua\"}]},{\"@type\":\"WebSite\",\"@id\":\"https:\/\/explora.crea.gov.co\/festival-de-cortos-2020\/#website\",\"url\":\"https:\/\/explora.crea.gov.co\/festival-de-cortos-2020\/\",\"name\":\"Festival de Cortos 2020\",\"description\":\"Explora Crea Micrositios\",\"potentialAction\":[{\"@type\":\"SearchAction\",\"target\":{\"@type\":\"EntryPoint\",\"urlTemplate\":\"https:\/\/explora.crea.gov.co\/festival-de-cortos-2020\/?s={search_term_string}\"},\"query-input\":\"required name=search_term_string\"}],\"inLanguage\":\"es\"},{\"@type\":\"Person\",\"@id\":\"https:\/\/explora.crea.gov.co\/festival-de-cortos-2020\/#\/schema\/person\/5071c2e3cdaee5612c3ba0e2c9dc40e8\",\"name\":\"webmaster\",\"image\":{\"@type\":\"ImageObject\",\"inLanguage\":\"es\",\"@id\":\"https:\/\/explora.crea.gov.co\/festival-de-cortos-2020\/#\/schema\/person\/image\/\",\"url\":\"https:\/\/secure.gravatar.com\/avatar\/73fa2de0474c53f6496b25afa67e469d?s=96&d=mm&r=g\",\"contentUrl\":\"https:\/\/secure.gravatar.com\/avatar\/73fa2de0474c53f6496b25afa67e469d?s=96&d=mm&r=g\",\"caption\":\"webmaster\"},\"url\":\"https:\/\/explora.crea.gov.co\/festival-de-cortos-2020\/author\/webmaster\/\"}]}<\/script>\n<!-- \/ Yoast SEO plugin. -->","yoast_head_json":{"title":"La Piragua - Festival de Cortos 2020","robots":{"index":"index","follow":"follow","max-snippet":"max-snippet:-1","max-image-preview":"max-image-preview:large","max-video-preview":"max-video-preview:-1"},"canonical":"https:\/\/explora.crea.gov.co\/festival-de-cortos-2020\/la-piragua\/","og_locale":"es_ES","og_type":"article","og_title":"La Piragua - Festival de Cortos 2020","og_description":"Por medio de la aEl grupo Sim\u00f3n Bol\u00edvar EC1563 es un grupo perteneciente a la l\u00ednea Impulso Colectivo, en donde se han venido trabajando tem\u00e1ticas musicales de melod\u00eda armon\u00eda y ritmo, por esta raz\u00f3n como ejercicio musical el grupo se propuso trabajar la l\u00ednea mel\u00f3dica partiendo de una pista de practica grabada previamente por el [&hellip;]","og_url":"https:\/\/explora.crea.gov.co\/festival-de-cortos-2020\/la-piragua\/","og_site_name":"Festival de Cortos 2020","article_published_time":"2020-11-23T20:49:23+00:00","author":"webmaster","twitter_card":"summary_large_image","twitter_misc":{"Escrito por":"webmaster","Tiempo de lectura":"1 minuto"},"schema":{"@context":"https:\/\/schema.org","@graph":[{"@type":"WebPage","@id":"https:\/\/explora.crea.gov.co\/festival-de-cortos-2020\/la-piragua\/","url":"https:\/\/explora.crea.gov.co\/festival-de-cortos-2020\/la-piragua\/","name":"La Piragua - Festival de Cortos 2020","isPartOf":{"@id":"https:\/\/explora.crea.gov.co\/festival-de-cortos-2020\/#website"},"datePublished":"2020-11-23T20:49:23+00:00","dateModified":"2020-11-23T20:49:23+00:00","author":{"@id":"https:\/\/explora.crea.gov.co\/festival-de-cortos-2020\/#\/schema\/person\/5071c2e3cdaee5612c3ba0e2c9dc40e8"},"breadcrumb":{"@id":"https:\/\/explora.crea.gov.co\/festival-de-cortos-2020\/la-piragua\/#breadcrumb"},"inLanguage":"es","potentialAction":[{"@type":"ReadAction","target":["https:\/\/explora.crea.gov.co\/festival-de-cortos-2020\/la-piragua\/"]}]},{"@type":"BreadcrumbList","@id":"https:\/\/explora.crea.gov.co\/festival-de-cortos-2020\/la-piragua\/#breadcrumb","itemListElement":[{"@type":"ListItem","position":1,"name":"Portada","item":"https:\/\/explora.crea.gov.co\/festival-de-cortos-2020\/"},{"@type":"ListItem","position":2,"name":"La Piragua"}]},{"@type":"WebSite","@id":"https:\/\/explora.crea.gov.co\/festival-de-cortos-2020\/#website","url":"https:\/\/explora.crea.gov.co\/festival-de-cortos-2020\/","name":"Festival de Cortos 2020","description":"Explora Crea Micrositios","potentialAction":[{"@type":"SearchAction","target":{"@type":"EntryPoint","urlTemplate":"https:\/\/explora.crea.gov.co\/festival-de-cortos-2020\/?s={search_term_string}"},"query-input":"required name=search_term_string"}],"inLanguage":"es"},{"@type":"Person","@id":"https:\/\/explora.crea.gov.co\/festival-de-cortos-2020\/#\/schema\/person\/5071c2e3cdaee5612c3ba0e2c9dc40e8","name":"webmaster","image":{"@type":"ImageObject","inLanguage":"es","@id":"https:\/\/explora.crea.gov.co\/festival-de-cortos-2020\/#\/schema\/person\/image\/","url":"https:\/\/secure.gravatar.com\/avatar\/73fa2de0474c53f6496b25afa67e469d?s=96&d=mm&r=g","contentUrl":"https:\/\/secure.gravatar.com\/avatar\/73fa2de0474c53f6496b25afa67e469d?s=96&d=mm&r=g","caption":"webmaster"},"url":"https:\/\/explora.crea.gov.co\/festival-de-cortos-2020\/author\/webmaster\/"}]}},"_links":{"self":[{"href":"https:\/\/explora.crea.gov.co\/festival-de-cortos-2020\/wp-json\/wp\/v2\/posts\/5576"}],"collection":[{"href":"https:\/\/explora.crea.gov.co\/festival-de-cortos-2020\/wp-json\/wp\/v2\/posts"}],"about":[{"href":"https:\/\/explora.crea.gov.co\/festival-de-cortos-2020\/wp-json\/wp\/v2\/types\/post"}],"author":[{"embeddable":true,"href":"https:\/\/explora.crea.gov.co\/festival-de-cortos-2020\/wp-json\/wp\/v2\/users\/1"}],"replies":[{"embeddable":true,"href":"https:\/\/explora.crea.gov.co\/festival-de-cortos-2020\/wp-json\/wp\/v2\/comments?post=5576"}],"version-history":[{"count":0,"href":"https:\/\/explora.crea.gov.co\/festival-de-cortos-2020\/wp-json\/wp\/v2\/posts\/5576\/revisions"}],"wp:featuredmedia":[{"embeddable":true,"href":"https:\/\/explora.crea.gov.co\/festival-de-cortos-2020\/wp-json\/"}],"wp:attachment":[{"href":"https:\/\/explora.crea.gov.co\/festival-de-cortos-2020\/wp-json\/wp\/v2\/media?parent=5576"}],"wp:term":[{"taxonomy":"category","embeddable":true,"href":"https:\/\/explora.crea.gov.co\/festival-de-cortos-2020\/wp-json\/wp\/v2\/categories?post=5576"},{"taxonomy":"post_tag","embeddable":true,"href":"https:\/\/explora.crea.gov.co\/festival-de-cortos-2020\/wp-json\/wp\/v2\/tags?post=5576"}],"curies":[{"name":"wp","href":"https:\/\/api.w.org\/{rel}","templated":true}]}}