{"id":5532,"date":"2020-11-23T10:09:28","date_gmt":"2020-11-23T15:09:28","guid":{"rendered":"http:\/\/localhost\/crea_site\/?post_type=cortos&amp;p=5532"},"modified":"2020-11-23T10:09:28","modified_gmt":"2020-11-23T15:09:28","slug":"instante-decisivo-2","status":"publish","type":"post","link":"https:\/\/explora.crea.gov.co\/festival-de-cortos-2020\/instante-decisivo-2\/","title":{"rendered":"INSTANTE DECISIVO"},"content":{"rendered":"\n<p>Anna, una adolescente de 17 a\u00f1os nost\u00e1lgica, introvertida y amante de la fotograf\u00eda, est\u00e1 acostumbrada a observar desde la ventana de su habitaci\u00f3n a las personas que transitan en la calle. Observa como todos inmiscuidos en sus universos personales no detallan la belleza que los rodea. Sin embargo, Ana siente que hoy no es un d\u00eda como los dem\u00e1s, ya que esta vez una persona en particular captura su atenci\u00f3n. Ana saca r\u00e1pidamente de su mesa de noche su c\u00e1mara polaroid y logra capturar a esa persona justo en el momento preciso antes de que desaparezca de su vista. Cuando la foto se revela aparece una imagen inesperada.<\/p>\n    \t    \t ","protected":false},"excerpt":{"rendered":"<p>Anna, una adolescente de 17 a\u00f1os nost\u00e1lgica, introvertida y amante de la fotograf\u00eda, est\u00e1 acostumbrada a observar desde la ventana de su habitaci\u00f3n a las personas que transitan en la calle. Observa como todos inmiscuidos en sus universos personales no detallan la belleza que los rodea. Sin embargo, Ana siente que hoy no es un [&hellip;]<\/p>\n","protected":false},"author":1,"featured_media":5533,"comment_status":"closed","ping_status":"closed","sticky":false,"template":"","format":"standard","meta":{"footnotes":""},"categories":[4,8],"tags":[],"yoast_head":"<!-- This site is optimized with the Yoast SEO plugin v22.1 - https:\/\/yoast.com\/wordpress\/plugins\/seo\/ -->\n<title>INSTANTE DECISIVO - Festival de Cortos 2020<\/title>\n<meta name=\"robots\" content=\"index, follow, max-snippet:-1, max-image-preview:large, max-video-preview:-1\" \/>\n<link rel=\"canonical\" href=\"https:\/\/explora.crea.gov.co\/festival-de-cortos-2020\/instante-decisivo-2\/\" \/>\n<meta property=\"og:locale\" content=\"es_ES\" \/>\n<meta property=\"og:type\" content=\"article\" \/>\n<meta property=\"og:title\" content=\"INSTANTE DECISIVO - Festival de Cortos 2020\" \/>\n<meta property=\"og:description\" content=\"Anna, una adolescente de 17 a\u00f1os nost\u00e1lgica, introvertida y amante de la fotograf\u00eda, est\u00e1 acostumbrada a observar desde la ventana de su habitaci\u00f3n a las personas que transitan en la calle. Observa como todos inmiscuidos en sus universos personales no detallan la belleza que los rodea. Sin embargo, Ana siente que hoy no es un [&hellip;]\" \/>\n<meta property=\"og:url\" content=\"https:\/\/explora.crea.gov.co\/festival-de-cortos-2020\/instante-decisivo-2\/\" \/>\n<meta property=\"og:site_name\" content=\"Festival de Cortos 2020\" \/>\n<meta property=\"article:published_time\" content=\"2020-11-23T15:09:28+00:00\" \/>\n<meta name=\"author\" content=\"webmaster\" \/>\n<meta name=\"twitter:card\" content=\"summary_large_image\" \/>\n<meta name=\"twitter:label1\" content=\"Escrito por\" \/>\n\t<meta name=\"twitter:data1\" content=\"webmaster\" \/>\n\t<meta name=\"twitter:label2\" content=\"Tiempo de lectura\" \/>\n\t<meta name=\"twitter:data2\" content=\"1 minuto\" \/>\n<script type=\"application\/ld+json\" class=\"yoast-schema-graph\">{\"@context\":\"https:\/\/schema.org\",\"@graph\":[{\"@type\":\"WebPage\",\"@id\":\"https:\/\/explora.crea.gov.co\/festival-de-cortos-2020\/instante-decisivo-2\/\",\"url\":\"https:\/\/explora.crea.gov.co\/festival-de-cortos-2020\/instante-decisivo-2\/\",\"name\":\"INSTANTE DECISIVO - Festival de Cortos 2020\",\"isPartOf\":{\"@id\":\"https:\/\/explora.crea.gov.co\/festival-de-cortos-2020\/#website\"},\"datePublished\":\"2020-11-23T15:09:28+00:00\",\"dateModified\":\"2020-11-23T15:09:28+00:00\",\"author\":{\"@id\":\"https:\/\/explora.crea.gov.co\/festival-de-cortos-2020\/#\/schema\/person\/5071c2e3cdaee5612c3ba0e2c9dc40e8\"},\"breadcrumb\":{\"@id\":\"https:\/\/explora.crea.gov.co\/festival-de-cortos-2020\/instante-decisivo-2\/#breadcrumb\"},\"inLanguage\":\"es\",\"potentialAction\":[{\"@type\":\"ReadAction\",\"target\":[\"https:\/\/explora.crea.gov.co\/festival-de-cortos-2020\/instante-decisivo-2\/\"]}]},{\"@type\":\"BreadcrumbList\",\"@id\":\"https:\/\/explora.crea.gov.co\/festival-de-cortos-2020\/instante-decisivo-2\/#breadcrumb\",\"itemListElement\":[{\"@type\":\"ListItem\",\"position\":1,\"name\":\"Portada\",\"item\":\"https:\/\/explora.crea.gov.co\/festival-de-cortos-2020\/\"},{\"@type\":\"ListItem\",\"position\":2,\"name\":\"INSTANTE DECISIVO\"}]},{\"@type\":\"WebSite\",\"@id\":\"https:\/\/explora.crea.gov.co\/festival-de-cortos-2020\/#website\",\"url\":\"https:\/\/explora.crea.gov.co\/festival-de-cortos-2020\/\",\"name\":\"Festival de Cortos 2020\",\"description\":\"Explora Crea Micrositios\",\"potentialAction\":[{\"@type\":\"SearchAction\",\"target\":{\"@type\":\"EntryPoint\",\"urlTemplate\":\"https:\/\/explora.crea.gov.co\/festival-de-cortos-2020\/?s={search_term_string}\"},\"query-input\":\"required name=search_term_string\"}],\"inLanguage\":\"es\"},{\"@type\":\"Person\",\"@id\":\"https:\/\/explora.crea.gov.co\/festival-de-cortos-2020\/#\/schema\/person\/5071c2e3cdaee5612c3ba0e2c9dc40e8\",\"name\":\"webmaster\",\"image\":{\"@type\":\"ImageObject\",\"inLanguage\":\"es\",\"@id\":\"https:\/\/explora.crea.gov.co\/festival-de-cortos-2020\/#\/schema\/person\/image\/\",\"url\":\"https:\/\/secure.gravatar.com\/avatar\/73fa2de0474c53f6496b25afa67e469d?s=96&d=mm&r=g\",\"contentUrl\":\"https:\/\/secure.gravatar.com\/avatar\/73fa2de0474c53f6496b25afa67e469d?s=96&d=mm&r=g\",\"caption\":\"webmaster\"},\"url\":\"https:\/\/explora.crea.gov.co\/festival-de-cortos-2020\/author\/webmaster\/\"}]}<\/script>\n<!-- \/ Yoast SEO plugin. -->","yoast_head_json":{"title":"INSTANTE DECISIVO - Festival de Cortos 2020","robots":{"index":"index","follow":"follow","max-snippet":"max-snippet:-1","max-image-preview":"max-image-preview:large","max-video-preview":"max-video-preview:-1"},"canonical":"https:\/\/explora.crea.gov.co\/festival-de-cortos-2020\/instante-decisivo-2\/","og_locale":"es_ES","og_type":"article","og_title":"INSTANTE DECISIVO - Festival de Cortos 2020","og_description":"Anna, una adolescente de 17 a\u00f1os nost\u00e1lgica, introvertida y amante de la fotograf\u00eda, est\u00e1 acostumbrada a observar desde la ventana de su habitaci\u00f3n a las personas que transitan en la calle. Observa como todos inmiscuidos en sus universos personales no detallan la belleza que los rodea. Sin embargo, Ana siente que hoy no es un [&hellip;]","og_url":"https:\/\/explora.crea.gov.co\/festival-de-cortos-2020\/instante-decisivo-2\/","og_site_name":"Festival de Cortos 2020","article_published_time":"2020-11-23T15:09:28+00:00","author":"webmaster","twitter_card":"summary_large_image","twitter_misc":{"Escrito por":"webmaster","Tiempo de lectura":"1 minuto"},"schema":{"@context":"https:\/\/schema.org","@graph":[{"@type":"WebPage","@id":"https:\/\/explora.crea.gov.co\/festival-de-cortos-2020\/instante-decisivo-2\/","url":"https:\/\/explora.crea.gov.co\/festival-de-cortos-2020\/instante-decisivo-2\/","name":"INSTANTE DECISIVO - Festival de Cortos 2020","isPartOf":{"@id":"https:\/\/explora.crea.gov.co\/festival-de-cortos-2020\/#website"},"datePublished":"2020-11-23T15:09:28+00:00","dateModified":"2020-11-23T15:09:28+00:00","author":{"@id":"https:\/\/explora.crea.gov.co\/festival-de-cortos-2020\/#\/schema\/person\/5071c2e3cdaee5612c3ba0e2c9dc40e8"},"breadcrumb":{"@id":"https:\/\/explora.crea.gov.co\/festival-de-cortos-2020\/instante-decisivo-2\/#breadcrumb"},"inLanguage":"es","potentialAction":[{"@type":"ReadAction","target":["https:\/\/explora.crea.gov.co\/festival-de-cortos-2020\/instante-decisivo-2\/"]}]},{"@type":"BreadcrumbList","@id":"https:\/\/explora.crea.gov.co\/festival-de-cortos-2020\/instante-decisivo-2\/#breadcrumb","itemListElement":[{"@type":"ListItem","position":1,"name":"Portada","item":"https:\/\/explora.crea.gov.co\/festival-de-cortos-2020\/"},{"@type":"ListItem","position":2,"name":"INSTANTE DECISIVO"}]},{"@type":"WebSite","@id":"https:\/\/explora.crea.gov.co\/festival-de-cortos-2020\/#website","url":"https:\/\/explora.crea.gov.co\/festival-de-cortos-2020\/","name":"Festival de Cortos 2020","description":"Explora Crea Micrositios","potentialAction":[{"@type":"SearchAction","target":{"@type":"EntryPoint","urlTemplate":"https:\/\/explora.crea.gov.co\/festival-de-cortos-2020\/?s={search_term_string}"},"query-input":"required name=search_term_string"}],"inLanguage":"es"},{"@type":"Person","@id":"https:\/\/explora.crea.gov.co\/festival-de-cortos-2020\/#\/schema\/person\/5071c2e3cdaee5612c3ba0e2c9dc40e8","name":"webmaster","image":{"@type":"ImageObject","inLanguage":"es","@id":"https:\/\/explora.crea.gov.co\/festival-de-cortos-2020\/#\/schema\/person\/image\/","url":"https:\/\/secure.gravatar.com\/avatar\/73fa2de0474c53f6496b25afa67e469d?s=96&d=mm&r=g","contentUrl":"https:\/\/secure.gravatar.com\/avatar\/73fa2de0474c53f6496b25afa67e469d?s=96&d=mm&r=g","caption":"webmaster"},"url":"https:\/\/explora.crea.gov.co\/festival-de-cortos-2020\/author\/webmaster\/"}]}},"_links":{"self":[{"href":"https:\/\/explora.crea.gov.co\/festival-de-cortos-2020\/wp-json\/wp\/v2\/posts\/5532"}],"collection":[{"href":"https:\/\/explora.crea.gov.co\/festival-de-cortos-2020\/wp-json\/wp\/v2\/posts"}],"about":[{"href":"https:\/\/explora.crea.gov.co\/festival-de-cortos-2020\/wp-json\/wp\/v2\/types\/post"}],"author":[{"embeddable":true,"href":"https:\/\/explora.crea.gov.co\/festival-de-cortos-2020\/wp-json\/wp\/v2\/users\/1"}],"replies":[{"embeddable":true,"href":"https:\/\/explora.crea.gov.co\/festival-de-cortos-2020\/wp-json\/wp\/v2\/comments?post=5532"}],"version-history":[{"count":0,"href":"https:\/\/explora.crea.gov.co\/festival-de-cortos-2020\/wp-json\/wp\/v2\/posts\/5532\/revisions"}],"wp:featuredmedia":[{"embeddable":true,"href":"https:\/\/explora.crea.gov.co\/festival-de-cortos-2020\/wp-json\/"}],"wp:attachment":[{"href":"https:\/\/explora.crea.gov.co\/festival-de-cortos-2020\/wp-json\/wp\/v2\/media?parent=5532"}],"wp:term":[{"taxonomy":"category","embeddable":true,"href":"https:\/\/explora.crea.gov.co\/festival-de-cortos-2020\/wp-json\/wp\/v2\/categories?post=5532"},{"taxonomy":"post_tag","embeddable":true,"href":"https:\/\/explora.crea.gov.co\/festival-de-cortos-2020\/wp-json\/wp\/v2\/tags?post=5532"}],"curies":[{"name":"wp","href":"https:\/\/api.w.org\/{rel}","templated":true}]}}