{"id":3931,"date":"2020-06-07T22:33:10","date_gmt":"2020-06-08T03:33:10","guid":{"rendered":"http:\/\/localhost\/crea_site\/?post_type=cortos&amp;p=3931"},"modified":"2020-06-07T22:33:10","modified_gmt":"2020-06-08T03:33:10","slug":"las-semillas-magicas","status":"publish","type":"post","link":"https:\/\/explora.crea.gov.co\/festival-de-cortos-2020\/las-semillas-magicas\/","title":{"rendered":"Las semillas m\u00e1gicas"},"content":{"rendered":"\n<p>3 adolescentes deciden salir en busca de alguna manera para salvar su mundo de la contaminaci\u00f3n causada por la humanidad, cuando de repente ante ellas aparece un peque\u00f1o bosque, en el cual se encuentra su protectora quien es la \u00faltima de su especie.<\/p>\n    \t    \t ","protected":false},"excerpt":{"rendered":"<p>3 adolescentes deciden salir en busca de alguna manera para salvar su mundo de la contaminaci\u00f3n causada por la humanidad, cuando de repente ante ellas aparece un peque\u00f1o bosque, en el cual se encuentra su protectora quien es la \u00faltima de su especie.<\/p>\n","protected":false},"author":1,"featured_media":3932,"comment_status":"closed","ping_status":"closed","sticky":false,"template":"","format":"standard","meta":{"footnotes":""},"categories":[7,10],"tags":[],"yoast_head":"<!-- This site is optimized with the Yoast SEO plugin v22.1 - https:\/\/yoast.com\/wordpress\/plugins\/seo\/ -->\n<title>Las semillas m\u00e1gicas - Festival de Cortos 2020<\/title>\n<meta name=\"robots\" content=\"index, follow, max-snippet:-1, max-image-preview:large, max-video-preview:-1\" \/>\n<link rel=\"canonical\" href=\"https:\/\/explora.crea.gov.co\/festival-de-cortos-2020\/las-semillas-magicas\/\" \/>\n<meta property=\"og:locale\" content=\"es_ES\" \/>\n<meta property=\"og:type\" content=\"article\" \/>\n<meta property=\"og:title\" content=\"Las semillas m\u00e1gicas - Festival de Cortos 2020\" \/>\n<meta property=\"og:description\" content=\"3 adolescentes deciden salir en busca de alguna manera para salvar su mundo de la contaminaci\u00f3n causada por la humanidad, cuando de repente ante ellas aparece un peque\u00f1o bosque, en el cual se encuentra su protectora quien es la \u00faltima de su especie.\" \/>\n<meta property=\"og:url\" content=\"https:\/\/explora.crea.gov.co\/festival-de-cortos-2020\/las-semillas-magicas\/\" \/>\n<meta property=\"og:site_name\" content=\"Festival de Cortos 2020\" \/>\n<meta property=\"article:published_time\" content=\"2020-06-08T03:33:10+00:00\" \/>\n<meta name=\"author\" content=\"webmaster\" \/>\n<meta name=\"twitter:card\" content=\"summary_large_image\" \/>\n<meta name=\"twitter:label1\" content=\"Escrito por\" \/>\n\t<meta name=\"twitter:data1\" content=\"webmaster\" \/>\n<script type=\"application\/ld+json\" class=\"yoast-schema-graph\">{\"@context\":\"https:\/\/schema.org\",\"@graph\":[{\"@type\":\"WebPage\",\"@id\":\"https:\/\/explora.crea.gov.co\/festival-de-cortos-2020\/las-semillas-magicas\/\",\"url\":\"https:\/\/explora.crea.gov.co\/festival-de-cortos-2020\/las-semillas-magicas\/\",\"name\":\"Las semillas m\u00e1gicas - Festival de Cortos 2020\",\"isPartOf\":{\"@id\":\"https:\/\/explora.crea.gov.co\/festival-de-cortos-2020\/#website\"},\"datePublished\":\"2020-06-08T03:33:10+00:00\",\"dateModified\":\"2020-06-08T03:33:10+00:00\",\"author\":{\"@id\":\"https:\/\/explora.crea.gov.co\/festival-de-cortos-2020\/#\/schema\/person\/5071c2e3cdaee5612c3ba0e2c9dc40e8\"},\"breadcrumb\":{\"@id\":\"https:\/\/explora.crea.gov.co\/festival-de-cortos-2020\/las-semillas-magicas\/#breadcrumb\"},\"inLanguage\":\"es\",\"potentialAction\":[{\"@type\":\"ReadAction\",\"target\":[\"https:\/\/explora.crea.gov.co\/festival-de-cortos-2020\/las-semillas-magicas\/\"]}]},{\"@type\":\"BreadcrumbList\",\"@id\":\"https:\/\/explora.crea.gov.co\/festival-de-cortos-2020\/las-semillas-magicas\/#breadcrumb\",\"itemListElement\":[{\"@type\":\"ListItem\",\"position\":1,\"name\":\"Portada\",\"item\":\"https:\/\/explora.crea.gov.co\/festival-de-cortos-2020\/\"},{\"@type\":\"ListItem\",\"position\":2,\"name\":\"Las semillas m\u00e1gicas\"}]},{\"@type\":\"WebSite\",\"@id\":\"https:\/\/explora.crea.gov.co\/festival-de-cortos-2020\/#website\",\"url\":\"https:\/\/explora.crea.gov.co\/festival-de-cortos-2020\/\",\"name\":\"Festival de Cortos 2020\",\"description\":\"Explora Crea Micrositios\",\"potentialAction\":[{\"@type\":\"SearchAction\",\"target\":{\"@type\":\"EntryPoint\",\"urlTemplate\":\"https:\/\/explora.crea.gov.co\/festival-de-cortos-2020\/?s={search_term_string}\"},\"query-input\":\"required name=search_term_string\"}],\"inLanguage\":\"es\"},{\"@type\":\"Person\",\"@id\":\"https:\/\/explora.crea.gov.co\/festival-de-cortos-2020\/#\/schema\/person\/5071c2e3cdaee5612c3ba0e2c9dc40e8\",\"name\":\"webmaster\",\"image\":{\"@type\":\"ImageObject\",\"inLanguage\":\"es\",\"@id\":\"https:\/\/explora.crea.gov.co\/festival-de-cortos-2020\/#\/schema\/person\/image\/\",\"url\":\"https:\/\/secure.gravatar.com\/avatar\/73fa2de0474c53f6496b25afa67e469d?s=96&d=mm&r=g\",\"contentUrl\":\"https:\/\/secure.gravatar.com\/avatar\/73fa2de0474c53f6496b25afa67e469d?s=96&d=mm&r=g\",\"caption\":\"webmaster\"},\"url\":\"https:\/\/explora.crea.gov.co\/festival-de-cortos-2020\/author\/webmaster\/\"}]}<\/script>\n<!-- \/ Yoast SEO plugin. -->","yoast_head_json":{"title":"Las semillas m\u00e1gicas - Festival de Cortos 2020","robots":{"index":"index","follow":"follow","max-snippet":"max-snippet:-1","max-image-preview":"max-image-preview:large","max-video-preview":"max-video-preview:-1"},"canonical":"https:\/\/explora.crea.gov.co\/festival-de-cortos-2020\/las-semillas-magicas\/","og_locale":"es_ES","og_type":"article","og_title":"Las semillas m\u00e1gicas - Festival de Cortos 2020","og_description":"3 adolescentes deciden salir en busca de alguna manera para salvar su mundo de la contaminaci\u00f3n causada por la humanidad, cuando de repente ante ellas aparece un peque\u00f1o bosque, en el cual se encuentra su protectora quien es la \u00faltima de su especie.","og_url":"https:\/\/explora.crea.gov.co\/festival-de-cortos-2020\/las-semillas-magicas\/","og_site_name":"Festival de Cortos 2020","article_published_time":"2020-06-08T03:33:10+00:00","author":"webmaster","twitter_card":"summary_large_image","twitter_misc":{"Escrito por":"webmaster"},"schema":{"@context":"https:\/\/schema.org","@graph":[{"@type":"WebPage","@id":"https:\/\/explora.crea.gov.co\/festival-de-cortos-2020\/las-semillas-magicas\/","url":"https:\/\/explora.crea.gov.co\/festival-de-cortos-2020\/las-semillas-magicas\/","name":"Las semillas m\u00e1gicas - Festival de Cortos 2020","isPartOf":{"@id":"https:\/\/explora.crea.gov.co\/festival-de-cortos-2020\/#website"},"datePublished":"2020-06-08T03:33:10+00:00","dateModified":"2020-06-08T03:33:10+00:00","author":{"@id":"https:\/\/explora.crea.gov.co\/festival-de-cortos-2020\/#\/schema\/person\/5071c2e3cdaee5612c3ba0e2c9dc40e8"},"breadcrumb":{"@id":"https:\/\/explora.crea.gov.co\/festival-de-cortos-2020\/las-semillas-magicas\/#breadcrumb"},"inLanguage":"es","potentialAction":[{"@type":"ReadAction","target":["https:\/\/explora.crea.gov.co\/festival-de-cortos-2020\/las-semillas-magicas\/"]}]},{"@type":"BreadcrumbList","@id":"https:\/\/explora.crea.gov.co\/festival-de-cortos-2020\/las-semillas-magicas\/#breadcrumb","itemListElement":[{"@type":"ListItem","position":1,"name":"Portada","item":"https:\/\/explora.crea.gov.co\/festival-de-cortos-2020\/"},{"@type":"ListItem","position":2,"name":"Las semillas m\u00e1gicas"}]},{"@type":"WebSite","@id":"https:\/\/explora.crea.gov.co\/festival-de-cortos-2020\/#website","url":"https:\/\/explora.crea.gov.co\/festival-de-cortos-2020\/","name":"Festival de Cortos 2020","description":"Explora Crea Micrositios","potentialAction":[{"@type":"SearchAction","target":{"@type":"EntryPoint","urlTemplate":"https:\/\/explora.crea.gov.co\/festival-de-cortos-2020\/?s={search_term_string}"},"query-input":"required name=search_term_string"}],"inLanguage":"es"},{"@type":"Person","@id":"https:\/\/explora.crea.gov.co\/festival-de-cortos-2020\/#\/schema\/person\/5071c2e3cdaee5612c3ba0e2c9dc40e8","name":"webmaster","image":{"@type":"ImageObject","inLanguage":"es","@id":"https:\/\/explora.crea.gov.co\/festival-de-cortos-2020\/#\/schema\/person\/image\/","url":"https:\/\/secure.gravatar.com\/avatar\/73fa2de0474c53f6496b25afa67e469d?s=96&d=mm&r=g","contentUrl":"https:\/\/secure.gravatar.com\/avatar\/73fa2de0474c53f6496b25afa67e469d?s=96&d=mm&r=g","caption":"webmaster"},"url":"https:\/\/explora.crea.gov.co\/festival-de-cortos-2020\/author\/webmaster\/"}]}},"_links":{"self":[{"href":"https:\/\/explora.crea.gov.co\/festival-de-cortos-2020\/wp-json\/wp\/v2\/posts\/3931"}],"collection":[{"href":"https:\/\/explora.crea.gov.co\/festival-de-cortos-2020\/wp-json\/wp\/v2\/posts"}],"about":[{"href":"https:\/\/explora.crea.gov.co\/festival-de-cortos-2020\/wp-json\/wp\/v2\/types\/post"}],"author":[{"embeddable":true,"href":"https:\/\/explora.crea.gov.co\/festival-de-cortos-2020\/wp-json\/wp\/v2\/users\/1"}],"replies":[{"embeddable":true,"href":"https:\/\/explora.crea.gov.co\/festival-de-cortos-2020\/wp-json\/wp\/v2\/comments?post=3931"}],"version-history":[{"count":0,"href":"https:\/\/explora.crea.gov.co\/festival-de-cortos-2020\/wp-json\/wp\/v2\/posts\/3931\/revisions"}],"wp:featuredmedia":[{"embeddable":true,"href":"https:\/\/explora.crea.gov.co\/festival-de-cortos-2020\/wp-json\/"}],"wp:attachment":[{"href":"https:\/\/explora.crea.gov.co\/festival-de-cortos-2020\/wp-json\/wp\/v2\/media?parent=3931"}],"wp:term":[{"taxonomy":"category","embeddable":true,"href":"https:\/\/explora.crea.gov.co\/festival-de-cortos-2020\/wp-json\/wp\/v2\/categories?post=3931"},{"taxonomy":"post_tag","embeddable":true,"href":"https:\/\/explora.crea.gov.co\/festival-de-cortos-2020\/wp-json\/wp\/v2\/tags?post=3931"}],"curies":[{"name":"wp","href":"https:\/\/api.w.org\/{rel}","templated":true}]}}