{"id":3888,"date":"2020-06-06T12:28:37","date_gmt":"2020-06-06T17:28:37","guid":{"rendered":"http:\/\/localhost\/crea_site\/?post_type=cortos&amp;p=3888"},"modified":"2020-06-06T12:28:37","modified_gmt":"2020-06-06T17:28:37","slug":"ser-cromatico","status":"publish","type":"post","link":"https:\/\/explora.crea.gov.co\/festival-de-cortos-2020\/ser-cromatico\/","title":{"rendered":"Ser Crom\u00e1tico"},"content":{"rendered":"\n<p>\n\nTodo este rollo surge en un momento de reflexi\u00f3n en plena clase; curioseando un poco en nuestras emociones desde el encierro de una habitaci\u00f3n. Concluimos en que\u2026 estar a solas con uno mismo era un tema delicado y de todo lo que evad\u00edamos sin saberlo en el mundo de all\u00ed afuera, queriendo estar siempre acompa\u00f1ados.\n Pretendemos mostrar al humano como un ser crom\u00e1tico, cambiante, moldeable. Y hacer visibles las distintas perspectivas que tiene un ni\u00f1o y un adulto acerca de lo que significa la vida, de como en estos tiempos se sensibiliza y vuelve flexible su cuerpo y su mente para lograr adaptarse al cambio y renacer como individuo, haciendo las paces con su propio YO; esa misma relaci\u00f3n que qued\u00f3 descuidada por sus anteriores d\u00edas agitados, repetitivos e inconscientes.\n El resultado exhibe como cada personaje desde su contexto: recibe, transforma y materializa sus sentimientos en colores casi que sin darse cuenta.\n\n<\/p>\n    \t    \t ","protected":false},"excerpt":{"rendered":"<p>Todo este rollo surge en un momento de reflexi\u00f3n en plena clase; curioseando un poco en nuestras emociones desde el encierro de una habitaci\u00f3n. Concluimos en que\u2026 estar a solas con uno mismo era un tema delicado y de todo lo que evad\u00edamos sin saberlo en el mundo de all\u00ed afuera, queriendo estar siempre acompa\u00f1ados. [&hellip;]<\/p>\n","protected":false},"author":1,"featured_media":2952,"comment_status":"closed","ping_status":"closed","sticky":false,"template":"","format":"standard","meta":{"footnotes":""},"categories":[8,10],"tags":[],"yoast_head":"<!-- This site is optimized with the Yoast SEO plugin v22.1 - https:\/\/yoast.com\/wordpress\/plugins\/seo\/ -->\n<title>Ser Crom\u00e1tico - Festival de Cortos 2020<\/title>\n<meta name=\"robots\" content=\"index, follow, max-snippet:-1, max-image-preview:large, max-video-preview:-1\" \/>\n<link rel=\"canonical\" href=\"https:\/\/explora.crea.gov.co\/festival-de-cortos-2020\/ser-cromatico\/\" \/>\n<meta property=\"og:locale\" content=\"es_ES\" \/>\n<meta property=\"og:type\" content=\"article\" \/>\n<meta property=\"og:title\" content=\"Ser Crom\u00e1tico - Festival de Cortos 2020\" \/>\n<meta property=\"og:description\" content=\"Todo este rollo surge en un momento de reflexi\u00f3n en plena clase; curioseando un poco en nuestras emociones desde el encierro de una habitaci\u00f3n. Concluimos en que\u2026 estar a solas con uno mismo era un tema delicado y de todo lo que evad\u00edamos sin saberlo en el mundo de all\u00ed afuera, queriendo estar siempre acompa\u00f1ados. [&hellip;]\" \/>\n<meta property=\"og:url\" content=\"https:\/\/explora.crea.gov.co\/festival-de-cortos-2020\/ser-cromatico\/\" \/>\n<meta property=\"og:site_name\" content=\"Festival de Cortos 2020\" \/>\n<meta property=\"article:published_time\" content=\"2020-06-06T17:28:37+00:00\" \/>\n<meta name=\"author\" content=\"webmaster\" \/>\n<meta name=\"twitter:card\" content=\"summary_large_image\" \/>\n<meta name=\"twitter:label1\" content=\"Escrito por\" \/>\n\t<meta name=\"twitter:data1\" content=\"webmaster\" \/>\n\t<meta name=\"twitter:label2\" content=\"Tiempo de lectura\" \/>\n\t<meta name=\"twitter:data2\" content=\"1 minuto\" \/>\n<script type=\"application\/ld+json\" class=\"yoast-schema-graph\">{\"@context\":\"https:\/\/schema.org\",\"@graph\":[{\"@type\":\"WebPage\",\"@id\":\"https:\/\/explora.crea.gov.co\/festival-de-cortos-2020\/ser-cromatico\/\",\"url\":\"https:\/\/explora.crea.gov.co\/festival-de-cortos-2020\/ser-cromatico\/\",\"name\":\"Ser Crom\u00e1tico - Festival de Cortos 2020\",\"isPartOf\":{\"@id\":\"https:\/\/explora.crea.gov.co\/festival-de-cortos-2020\/#website\"},\"datePublished\":\"2020-06-06T17:28:37+00:00\",\"dateModified\":\"2020-06-06T17:28:37+00:00\",\"author\":{\"@id\":\"https:\/\/explora.crea.gov.co\/festival-de-cortos-2020\/#\/schema\/person\/5071c2e3cdaee5612c3ba0e2c9dc40e8\"},\"breadcrumb\":{\"@id\":\"https:\/\/explora.crea.gov.co\/festival-de-cortos-2020\/ser-cromatico\/#breadcrumb\"},\"inLanguage\":\"es\",\"potentialAction\":[{\"@type\":\"ReadAction\",\"target\":[\"https:\/\/explora.crea.gov.co\/festival-de-cortos-2020\/ser-cromatico\/\"]}]},{\"@type\":\"BreadcrumbList\",\"@id\":\"https:\/\/explora.crea.gov.co\/festival-de-cortos-2020\/ser-cromatico\/#breadcrumb\",\"itemListElement\":[{\"@type\":\"ListItem\",\"position\":1,\"name\":\"Portada\",\"item\":\"https:\/\/explora.crea.gov.co\/festival-de-cortos-2020\/\"},{\"@type\":\"ListItem\",\"position\":2,\"name\":\"Ser Crom\u00e1tico\"}]},{\"@type\":\"WebSite\",\"@id\":\"https:\/\/explora.crea.gov.co\/festival-de-cortos-2020\/#website\",\"url\":\"https:\/\/explora.crea.gov.co\/festival-de-cortos-2020\/\",\"name\":\"Festival de Cortos 2020\",\"description\":\"Explora Crea Micrositios\",\"potentialAction\":[{\"@type\":\"SearchAction\",\"target\":{\"@type\":\"EntryPoint\",\"urlTemplate\":\"https:\/\/explora.crea.gov.co\/festival-de-cortos-2020\/?s={search_term_string}\"},\"query-input\":\"required name=search_term_string\"}],\"inLanguage\":\"es\"},{\"@type\":\"Person\",\"@id\":\"https:\/\/explora.crea.gov.co\/festival-de-cortos-2020\/#\/schema\/person\/5071c2e3cdaee5612c3ba0e2c9dc40e8\",\"name\":\"webmaster\",\"image\":{\"@type\":\"ImageObject\",\"inLanguage\":\"es\",\"@id\":\"https:\/\/explora.crea.gov.co\/festival-de-cortos-2020\/#\/schema\/person\/image\/\",\"url\":\"https:\/\/secure.gravatar.com\/avatar\/73fa2de0474c53f6496b25afa67e469d?s=96&d=mm&r=g\",\"contentUrl\":\"https:\/\/secure.gravatar.com\/avatar\/73fa2de0474c53f6496b25afa67e469d?s=96&d=mm&r=g\",\"caption\":\"webmaster\"},\"url\":\"https:\/\/explora.crea.gov.co\/festival-de-cortos-2020\/author\/webmaster\/\"}]}<\/script>\n<!-- \/ Yoast SEO plugin. -->","yoast_head_json":{"title":"Ser Crom\u00e1tico - Festival de Cortos 2020","robots":{"index":"index","follow":"follow","max-snippet":"max-snippet:-1","max-image-preview":"max-image-preview:large","max-video-preview":"max-video-preview:-1"},"canonical":"https:\/\/explora.crea.gov.co\/festival-de-cortos-2020\/ser-cromatico\/","og_locale":"es_ES","og_type":"article","og_title":"Ser Crom\u00e1tico - Festival de Cortos 2020","og_description":"Todo este rollo surge en un momento de reflexi\u00f3n en plena clase; curioseando un poco en nuestras emociones desde el encierro de una habitaci\u00f3n. Concluimos en que\u2026 estar a solas con uno mismo era un tema delicado y de todo lo que evad\u00edamos sin saberlo en el mundo de all\u00ed afuera, queriendo estar siempre acompa\u00f1ados. [&hellip;]","og_url":"https:\/\/explora.crea.gov.co\/festival-de-cortos-2020\/ser-cromatico\/","og_site_name":"Festival de Cortos 2020","article_published_time":"2020-06-06T17:28:37+00:00","author":"webmaster","twitter_card":"summary_large_image","twitter_misc":{"Escrito por":"webmaster","Tiempo de lectura":"1 minuto"},"schema":{"@context":"https:\/\/schema.org","@graph":[{"@type":"WebPage","@id":"https:\/\/explora.crea.gov.co\/festival-de-cortos-2020\/ser-cromatico\/","url":"https:\/\/explora.crea.gov.co\/festival-de-cortos-2020\/ser-cromatico\/","name":"Ser Crom\u00e1tico - Festival de Cortos 2020","isPartOf":{"@id":"https:\/\/explora.crea.gov.co\/festival-de-cortos-2020\/#website"},"datePublished":"2020-06-06T17:28:37+00:00","dateModified":"2020-06-06T17:28:37+00:00","author":{"@id":"https:\/\/explora.crea.gov.co\/festival-de-cortos-2020\/#\/schema\/person\/5071c2e3cdaee5612c3ba0e2c9dc40e8"},"breadcrumb":{"@id":"https:\/\/explora.crea.gov.co\/festival-de-cortos-2020\/ser-cromatico\/#breadcrumb"},"inLanguage":"es","potentialAction":[{"@type":"ReadAction","target":["https:\/\/explora.crea.gov.co\/festival-de-cortos-2020\/ser-cromatico\/"]}]},{"@type":"BreadcrumbList","@id":"https:\/\/explora.crea.gov.co\/festival-de-cortos-2020\/ser-cromatico\/#breadcrumb","itemListElement":[{"@type":"ListItem","position":1,"name":"Portada","item":"https:\/\/explora.crea.gov.co\/festival-de-cortos-2020\/"},{"@type":"ListItem","position":2,"name":"Ser Crom\u00e1tico"}]},{"@type":"WebSite","@id":"https:\/\/explora.crea.gov.co\/festival-de-cortos-2020\/#website","url":"https:\/\/explora.crea.gov.co\/festival-de-cortos-2020\/","name":"Festival de Cortos 2020","description":"Explora Crea Micrositios","potentialAction":[{"@type":"SearchAction","target":{"@type":"EntryPoint","urlTemplate":"https:\/\/explora.crea.gov.co\/festival-de-cortos-2020\/?s={search_term_string}"},"query-input":"required name=search_term_string"}],"inLanguage":"es"},{"@type":"Person","@id":"https:\/\/explora.crea.gov.co\/festival-de-cortos-2020\/#\/schema\/person\/5071c2e3cdaee5612c3ba0e2c9dc40e8","name":"webmaster","image":{"@type":"ImageObject","inLanguage":"es","@id":"https:\/\/explora.crea.gov.co\/festival-de-cortos-2020\/#\/schema\/person\/image\/","url":"https:\/\/secure.gravatar.com\/avatar\/73fa2de0474c53f6496b25afa67e469d?s=96&d=mm&r=g","contentUrl":"https:\/\/secure.gravatar.com\/avatar\/73fa2de0474c53f6496b25afa67e469d?s=96&d=mm&r=g","caption":"webmaster"},"url":"https:\/\/explora.crea.gov.co\/festival-de-cortos-2020\/author\/webmaster\/"}]}},"_links":{"self":[{"href":"https:\/\/explora.crea.gov.co\/festival-de-cortos-2020\/wp-json\/wp\/v2\/posts\/3888"}],"collection":[{"href":"https:\/\/explora.crea.gov.co\/festival-de-cortos-2020\/wp-json\/wp\/v2\/posts"}],"about":[{"href":"https:\/\/explora.crea.gov.co\/festival-de-cortos-2020\/wp-json\/wp\/v2\/types\/post"}],"author":[{"embeddable":true,"href":"https:\/\/explora.crea.gov.co\/festival-de-cortos-2020\/wp-json\/wp\/v2\/users\/1"}],"replies":[{"embeddable":true,"href":"https:\/\/explora.crea.gov.co\/festival-de-cortos-2020\/wp-json\/wp\/v2\/comments?post=3888"}],"version-history":[{"count":0,"href":"https:\/\/explora.crea.gov.co\/festival-de-cortos-2020\/wp-json\/wp\/v2\/posts\/3888\/revisions"}],"wp:featuredmedia":[{"embeddable":true,"href":"https:\/\/explora.crea.gov.co\/festival-de-cortos-2020\/wp-json\/"}],"wp:attachment":[{"href":"https:\/\/explora.crea.gov.co\/festival-de-cortos-2020\/wp-json\/wp\/v2\/media?parent=3888"}],"wp:term":[{"taxonomy":"category","embeddable":true,"href":"https:\/\/explora.crea.gov.co\/festival-de-cortos-2020\/wp-json\/wp\/v2\/categories?post=3888"},{"taxonomy":"post_tag","embeddable":true,"href":"https:\/\/explora.crea.gov.co\/festival-de-cortos-2020\/wp-json\/wp\/v2\/tags?post=3888"}],"curies":[{"name":"wp","href":"https:\/\/api.w.org\/{rel}","templated":true}]}}